{"id":5036,"date":"2017-05-09T00:00:00","date_gmt":"2017-05-09T00:00:00","guid":{"rendered":"https:\/\/massimoforte.psales.pt\/blog\/la-ultima-frontera\/"},"modified":"2017-05-09T00:00:00","modified_gmt":"2017-05-09T00:00:00","slug":"la-ultima-frontera","status":"publish","type":"blog","link":"https:\/\/massimoforte.com\/es\/blog\/la-ultima-frontera\/","title":{"rendered":"La \u00faltima frontera"},"content":{"rendered":"<p style=\"text-align: justify;\"><img loading=\"lazy\" decoding=\"async\" class=\"alignnone size-medium wp-image-5037\" src=\"https:\/\/massimoforte.com\/wp-content\/uploads\/2017\/05\/Toon-10-AF-300x262.jpg\" alt=\"\" width=\"300\" height=\"262\" \/><\/p>\n<p style=\"text-align: justify;\">Solo nuestra actitud nos separa de los c\u00e2mbios que llevar\u00e1n nuestra profesi\u00f3n hasta el infinito y m\u00e1s all\u00e1&#8230;<\/p>\n<p style=\"text-align: justify;\">MLS, la \u00faltima frontera\u201d muy bien podr\u00eda ser un t\u00edtulo de una excelente pel\u00edcula de ficci\u00f3n, como Star Trek en su mejor versi\u00f3n. As\u00ed es un poco durante los a\u00f1os en los que en Portugal se habl\u00f3, se sigue y se seguir\u00e1 hablando de la MLS. Y decimos bien hablar, porque de hacer se hace bien poco. Por recelos, por protecci\u00f3n de intereses mal entendidos, por falta de profesionalidad, o simplemente por inercia, en Portugal las MLSs no consiguen pasar de ficci\u00f3n y convertirse en acci\u00f3n. En mi opini\u00f3n, todo tiene que ver con lo que se ha dicho antes, y sobre todo por falta de actitud: actitud para cambiar, actitud de experimentaci\u00f3n, actitud de actuar y abrazar lo desconocido\u2026 un poco como la saga de StarTrek, pero al contrario.<\/p>\n<p style=\"text-align: justify;\">Qu\u00e9 duda cabe que la colaboraci\u00f3n es la base de cualquier red inmobiliaria, ya sea franquiciada o propia. Sabemos que la capacidad de colaborar o de relacionarnos con otros es una pieza fundamental en cualquier negocio; por eso no me parece que tenga mucho sentido que las personas o las empresas que pertenezcan a una red no saquen partido de eso y sigan de espaldas a la cooperaci\u00f3n. Muchas franquicias, incluso fuera del sector inmobiliario, incluyen networking como parte de su oferta. Esto es l\u00f3gico. Cualquiera que est\u00e9 en una franquicia lo sabe, y sabe como sacar el mejor provecho de su red de networking, que pasa por utilizar herramientas como las MLSs interiores de sus marcas.<\/p>\n<p style=\"text-align: justify;\">En Portugal esto posiblemente pasa por las dimensiones que han adquirido las marcas, por la formaci\u00f3n y por los sistemas inform\u00e1ticos que facilitan, pero muchas de ellas facilitan cosas que solo algunos aprovechan, el ADN de la marca que nos lleva a hacer las cosas de una manera similar bastante facilidad informaci\u00f3n relativa a esto en la web. Lo que s\u00ed quiero es transmitir es que para mi la MLS es antes que nada una forma de estar en el mercado inmobiliario actual y futuro, y sobre todo una forma proactiva y de \u00e9xito.<\/p>\n<p style=\"text-align: justify;\">A pesar de todo, ese a\u00f1o lleg\u00f3 y muchas otras cosas se han realizado despu\u00e9s y otras muchas que hab\u00eda han quedado superadas. Los sistemas de MLS son ya una realidad probada en la evoluci\u00f3n de la mediaci\u00f3n inmobiliaria, y por eso yo os quiero desafiar a no dejar que las cosas queden en esperanza de futuro, y a que realic\u00e9is vuestros sue\u00f1os hoy, comenzando desde ahora mismo a constituir vuestra propia tribu. que los dem\u00e1s miembros y con un m\u00e9todo \u00fanico, citando a Seth Godin, que nos lleva a pertenecer a una \u201ctribu\u201d.<\/p>\n<p style=\"text-align: justify;\">En el fondo, la constituci\u00f3n de una MLS no es m\u00e1s que la constituci\u00f3n de una tribu, una tribu local \u2013o no estar\u00edamos hablando de mercados inmobiliarios locales\u2013 donde un grupo de personas domina algo \u2013en este caso una ciudad o una zona\u2013 con el objetivo de ofrecer a sus habitantes actuales y futuros la mejor informaci\u00f3n posible\u2026 en este caso el mejor servicio inmobiliario posible.<\/p>\n<p style=\"text-align: justify;\">Para eso se juntan en grupos de profesionales de mediaci\u00f3n inmobiliaria que se identifican por el servicio que prestan, por la forma de trabajar, y principalmente por la visi\u00f3n y la actitud de compartir, formando as\u00ed tribus locales que revalorizan sus negocios. No pretendo aqu\u00ed hablar de la mejor forma de construir una MLS; para eso ya hay varios libros y manuales, y hasta empresas, e incluso se puede encontrar com bastante facilidad informaci\u00f3n relativa a esto en la web. Lo que s\u00ed quiero es transmitir es que para mi la MLS es antes que nada una forma de estar en el mercado inmobiliario actual y futuro, y sobre todo una forma proactiva y de \u00e9xito.<\/p>\n<p style=\"text-align: justify;\">Para finalizar, me gustar\u00eda compartir com vosotros un pensamiento y un desaf\u00edo. Recuerdo que de ni\u00f1o me gustaba mucho la serie Espacio 1999, y pensaba que en esse a\u00f1o todo estar\u00eda muy avanzado y diferente. A pesar de todo, ese a\u00f1o lleg\u00f3 y muchasotras cosas se han realizado despu\u00e9s y otras muchas que hab\u00eda han quedado superadas.<\/p>\n<p style=\"text-align: justify;\">Los sistemas de MLS son ya una realidade probada en la evoluci\u00f3n de la mediaci\u00f3n inmobiliaria, y por eso yo os quiero desafiar a no dejar que las cosas queden en esperanza de futuro, y a que realic\u00e9is vuestros sue\u00f1os hoy, comenzando desde ahora mismo a constituir vuestra propia tribu.<\/p>\n","protected":false},"excerpt":{"rendered":"<p>Solo nuestra actitud nos separa de los c\u00e2mbios que llevar\u00e1n nuestra profesi\u00f3n<\/p>\n","protected":false},"featured_media":0,"comment_status":"open","ping_status":"open","template":"","categoria_blog":[275],"class_list":["post-5036","blog","type-blog","status-publish","hentry","categoria_blog-mediacao-imobiliaria"],"yoast_head":"<!-- This site is optimized with the Yoast SEO plugin v19.9 - https:\/\/yoast.com\/wordpress\/plugins\/seo\/ -->\n<title>La \u00faltima frontera - Massimo Forte<\/title>\n<meta name=\"robots\" content=\"index, follow, max-snippet:-1, max-image-preview:large, max-video-preview:-1\" \/>\n<link rel=\"canonical\" href=\"https:\/\/massimoforte.com\/es\/blog\/la-ultima-frontera\/\" \/>\n<meta property=\"og:locale\" content=\"es_ES\" \/>\n<meta property=\"og:type\" content=\"article\" \/>\n<meta property=\"og:title\" content=\"La \u00faltima frontera - Massimo Forte\" \/>\n<meta property=\"og:description\" content=\"Solo nuestra actitud nos separa de los c\u00e2mbios que llevar\u00e1n nuestra profesi\u00f3n\" \/>\n<meta property=\"og:url\" content=\"https:\/\/massimoforte.com\/es\/blog\/la-ultima-frontera\/\" \/>\n<meta property=\"og:site_name\" content=\"Massimo Forte\" \/>\n<meta property=\"article:publisher\" content=\"https:\/\/www.facebook.com\/massimo.forte.94\/\" \/>\n<meta property=\"og:image\" content=\"https:\/\/massimoforte.com\/wp-content\/uploads\/2017\/05\/Toon-10-AF-300x262.jpg\" \/>\n<meta name=\"twitter:card\" content=\"summary_large_image\" \/>\n<meta name=\"twitter:site\" content=\"@massimoforte7\" \/>\n<meta name=\"twitter:label1\" content=\"Tiempo de lectura\" \/>\n\t<meta name=\"twitter:data1\" content=\"4 minutos\" \/>\n<script type=\"application\/ld+json\" class=\"yoast-schema-graph\">{\"@context\":\"https:\/\/schema.org\",\"@graph\":[{\"@type\":\"WebPage\",\"@id\":\"https:\/\/massimoforte.com\/es\/blog\/la-ultima-frontera\/\",\"url\":\"https:\/\/massimoforte.com\/es\/blog\/la-ultima-frontera\/\",\"name\":\"La \u00faltima frontera - Massimo Forte\",\"isPartOf\":{\"@id\":\"https:\/\/massimoforte.com\/#website\"},\"datePublished\":\"2017-05-09T00:00:00+00:00\",\"dateModified\":\"2017-05-09T00:00:00+00:00\",\"breadcrumb\":{\"@id\":\"https:\/\/massimoforte.com\/es\/blog\/la-ultima-frontera\/#breadcrumb\"},\"inLanguage\":\"es\",\"potentialAction\":[{\"@type\":\"ReadAction\",\"target\":[\"https:\/\/massimoforte.com\/es\/blog\/la-ultima-frontera\/\"]}]},{\"@type\":\"BreadcrumbList\",\"@id\":\"https:\/\/massimoforte.com\/es\/blog\/la-ultima-frontera\/#breadcrumb\",\"itemListElement\":[{\"@type\":\"ListItem\",\"position\":1,\"name\":\"In\u00edcio\",\"item\":\"https:\/\/massimoforte.com\/\"},{\"@type\":\"ListItem\",\"position\":2,\"name\":\"Blog\",\"item\":\"https:\/\/massimoforte.com\/blog\/\"},{\"@type\":\"ListItem\",\"position\":3,\"name\":\"La \u00faltima frontera\"}]},{\"@type\":\"WebSite\",\"@id\":\"https:\/\/massimoforte.com\/#website\",\"url\":\"https:\/\/massimoforte.com\/\",\"name\":\"Massimo Forte\",\"description\":\"Massimo Forte \u00e9 seguido por milhares de profissionais do imobili\u00e1rio e reconhecido como uma marca apaixonada por influenciar pessoas a potenciar os seus neg\u00f3cios de Media\u00e7\u00e3o Imobili\u00e1ria.\",\"potentialAction\":[{\"@type\":\"SearchAction\",\"target\":{\"@type\":\"EntryPoint\",\"urlTemplate\":\"https:\/\/massimoforte.com\/?s={search_term_string}\"},\"query-input\":\"required name=search_term_string\"}],\"inLanguage\":\"es\"}]}<\/script>\n<!-- \/ Yoast SEO plugin. -->","yoast_head_json":{"title":"La \u00faltima frontera - Massimo Forte","robots":{"index":"index","follow":"follow","max-snippet":"max-snippet:-1","max-image-preview":"max-image-preview:large","max-video-preview":"max-video-preview:-1"},"canonical":"https:\/\/massimoforte.com\/es\/blog\/la-ultima-frontera\/","og_locale":"es_ES","og_type":"article","og_title":"La \u00faltima frontera - Massimo Forte","og_description":"Solo nuestra actitud nos separa de los c\u00e2mbios que llevar\u00e1n nuestra profesi\u00f3n","og_url":"https:\/\/massimoforte.com\/es\/blog\/la-ultima-frontera\/","og_site_name":"Massimo Forte","article_publisher":"https:\/\/www.facebook.com\/massimo.forte.94\/","og_image":[{"url":"https:\/\/massimoforte.com\/wp-content\/uploads\/2017\/05\/Toon-10-AF-300x262.jpg"}],"twitter_card":"summary_large_image","twitter_site":"@massimoforte7","twitter_misc":{"Tiempo de lectura":"4 minutos"},"schema":{"@context":"https:\/\/schema.org","@graph":[{"@type":"WebPage","@id":"https:\/\/massimoforte.com\/es\/blog\/la-ultima-frontera\/","url":"https:\/\/massimoforte.com\/es\/blog\/la-ultima-frontera\/","name":"La \u00faltima frontera - Massimo Forte","isPartOf":{"@id":"https:\/\/massimoforte.com\/#website"},"datePublished":"2017-05-09T00:00:00+00:00","dateModified":"2017-05-09T00:00:00+00:00","breadcrumb":{"@id":"https:\/\/massimoforte.com\/es\/blog\/la-ultima-frontera\/#breadcrumb"},"inLanguage":"es","potentialAction":[{"@type":"ReadAction","target":["https:\/\/massimoforte.com\/es\/blog\/la-ultima-frontera\/"]}]},{"@type":"BreadcrumbList","@id":"https:\/\/massimoforte.com\/es\/blog\/la-ultima-frontera\/#breadcrumb","itemListElement":[{"@type":"ListItem","position":1,"name":"In\u00edcio","item":"https:\/\/massimoforte.com\/"},{"@type":"ListItem","position":2,"name":"Blog","item":"https:\/\/massimoforte.com\/blog\/"},{"@type":"ListItem","position":3,"name":"La \u00faltima frontera"}]},{"@type":"WebSite","@id":"https:\/\/massimoforte.com\/#website","url":"https:\/\/massimoforte.com\/","name":"Massimo Forte","description":"Massimo Forte \u00e9 seguido por milhares de profissionais do imobili\u00e1rio e reconhecido como uma marca apaixonada por influenciar pessoas a potenciar os seus neg\u00f3cios de Media\u00e7\u00e3o Imobili\u00e1ria.","potentialAction":[{"@type":"SearchAction","target":{"@type":"EntryPoint","urlTemplate":"https:\/\/massimoforte.com\/?s={search_term_string}"},"query-input":"required name=search_term_string"}],"inLanguage":"es"}]}},"_links":{"self":[{"href":"https:\/\/massimoforte.com\/es\/wp-json\/wp\/v2\/blog\/5036","targetHints":{"allow":["GET"]}}],"collection":[{"href":"https:\/\/massimoforte.com\/es\/wp-json\/wp\/v2\/blog"}],"about":[{"href":"https:\/\/massimoforte.com\/es\/wp-json\/wp\/v2\/types\/blog"}],"replies":[{"embeddable":true,"href":"https:\/\/massimoforte.com\/es\/wp-json\/wp\/v2\/comments?post=5036"}],"wp:attachment":[{"href":"https:\/\/massimoforte.com\/es\/wp-json\/wp\/v2\/media?parent=5036"}],"wp:term":[{"taxonomy":"categoria_blog","embeddable":true,"href":"https:\/\/massimoforte.com\/es\/wp-json\/wp\/v2\/categoria_blog?post=5036"}],"curies":[{"name":"wp","href":"https:\/\/api.w.org\/{rel}","templated":true}]}}