{"id":5040,"date":"2017-05-09T00:00:00","date_gmt":"2017-05-09T00:00:00","guid":{"rendered":"https:\/\/massimoforte.psales.pt\/blog\/massimoforte-com-ahora-puede-compartir-con-espana\/"},"modified":"2017-05-09T00:00:00","modified_gmt":"2017-05-09T00:00:00","slug":"massimoforte-com-ahora-puede-compartir-con-espana","status":"publish","type":"blog","link":"https:\/\/massimoforte.com\/es\/blog\/massimoforte-com-ahora-puede-compartir-con-espana\/","title":{"rendered":"massimoforte.com ahora puede compartir con Espa\u00f1a"},"content":{"rendered":"<p style=\"background: white;\"><img loading=\"lazy\" decoding=\"async\" class=\"alignnone size-medium wp-image-5041\" src=\"https:\/\/massimoforte.com\/wp-content\/uploads\/2017\/05\/massimo-es-2-300x154.jpg\" alt=\"\" width=\"300\" height=\"154\" \/><\/p>\n<p style=\"background: white;\"><span style=\"color: #666666; font-family: 'Arial','sans-serif'; font-size: 11.5pt;\">En Portugal se puso en marcha con el objetivo de compartir conocimientos y experiencias de las personas que viven la Mediaci\u00f3n Inmobili\u00e1ria. Para Espa\u00f1a, los objetivos siguen siendo los mismos, pero mucho m\u00e1s ambicioso, porque quiero ampliar el intercambio cada vez m\u00e1s opiniones sobre el mercado y las oportunidades que hoy est\u00e1n viviendo.<\/span><\/p>\n<p style=\"background: white;\"><span style=\"color: #666666; font-family: 'Arial','sans-serif'; font-size: 11.5pt;\">Espa\u00f1a, cuento con usted para compartir y dejar tu opini\u00f3n en www.massimoforte.com<\/span><\/p>\n","protected":false},"excerpt":{"rendered":"<p>En Portugal se puso en marcha con el objetivo de compartir conocimientos<\/p>\n","protected":false},"featured_media":0,"comment_status":"open","ping_status":"open","template":"","categoria_blog":[275],"class_list":["post-5040","blog","type-blog","status-publish","hentry","categoria_blog-mediacao-imobiliaria"],"yoast_head":"<!-- This site is optimized with the Yoast SEO plugin v19.9 - https:\/\/yoast.com\/wordpress\/plugins\/seo\/ -->\n<title>massimoforte.com ahora puede compartir con Espa\u00f1a - Massimo Forte<\/title>\n<meta name=\"robots\" content=\"index, follow, max-snippet:-1, max-image-preview:large, max-video-preview:-1\" \/>\n<link rel=\"canonical\" href=\"https:\/\/massimoforte.com\/es\/blog\/massimoforte-com-ahora-puede-compartir-con-espana\/\" \/>\n<meta property=\"og:locale\" content=\"es_ES\" \/>\n<meta property=\"og:type\" content=\"article\" \/>\n<meta property=\"og:title\" content=\"massimoforte.com ahora puede compartir con Espa\u00f1a - Massimo Forte\" \/>\n<meta property=\"og:description\" content=\"En Portugal se puso en marcha con el objetivo de compartir conocimientos\" \/>\n<meta property=\"og:url\" content=\"https:\/\/massimoforte.com\/es\/blog\/massimoforte-com-ahora-puede-compartir-con-espana\/\" \/>\n<meta property=\"og:site_name\" content=\"Massimo Forte\" \/>\n<meta property=\"article:publisher\" content=\"https:\/\/www.facebook.com\/massimo.forte.94\/\" \/>\n<meta property=\"og:image\" content=\"https:\/\/massimoforte.com\/wp-content\/uploads\/2017\/05\/massimo-es-2-300x154.jpg\" \/>\n<meta name=\"twitter:card\" content=\"summary_large_image\" \/>\n<meta name=\"twitter:site\" content=\"@massimoforte7\" \/>\n<script type=\"application\/ld+json\" class=\"yoast-schema-graph\">{\"@context\":\"https:\/\/schema.org\",\"@graph\":[{\"@type\":\"WebPage\",\"@id\":\"https:\/\/massimoforte.com\/es\/blog\/massimoforte-com-ahora-puede-compartir-con-espana\/\",\"url\":\"https:\/\/massimoforte.com\/es\/blog\/massimoforte-com-ahora-puede-compartir-con-espana\/\",\"name\":\"massimoforte.com ahora puede compartir con Espa\u00f1a - Massimo Forte\",\"isPartOf\":{\"@id\":\"https:\/\/massimoforte.com\/#website\"},\"datePublished\":\"2017-05-09T00:00:00+00:00\",\"dateModified\":\"2017-05-09T00:00:00+00:00\",\"breadcrumb\":{\"@id\":\"https:\/\/massimoforte.com\/es\/blog\/massimoforte-com-ahora-puede-compartir-con-espana\/#breadcrumb\"},\"inLanguage\":\"es\",\"potentialAction\":[{\"@type\":\"ReadAction\",\"target\":[\"https:\/\/massimoforte.com\/es\/blog\/massimoforte-com-ahora-puede-compartir-con-espana\/\"]}]},{\"@type\":\"BreadcrumbList\",\"@id\":\"https:\/\/massimoforte.com\/es\/blog\/massimoforte-com-ahora-puede-compartir-con-espana\/#breadcrumb\",\"itemListElement\":[{\"@type\":\"ListItem\",\"position\":1,\"name\":\"In\u00edcio\",\"item\":\"https:\/\/massimoforte.com\/\"},{\"@type\":\"ListItem\",\"position\":2,\"name\":\"Blog\",\"item\":\"https:\/\/massimoforte.com\/blog\/\"},{\"@type\":\"ListItem\",\"position\":3,\"name\":\"massimoforte.com ahora puede compartir con Espa\u00f1a\"}]},{\"@type\":\"WebSite\",\"@id\":\"https:\/\/massimoforte.com\/#website\",\"url\":\"https:\/\/massimoforte.com\/\",\"name\":\"Massimo Forte\",\"description\":\"Massimo Forte \u00e9 seguido por milhares de profissionais do imobili\u00e1rio e reconhecido como uma marca apaixonada por influenciar pessoas a potenciar os seus neg\u00f3cios de Media\u00e7\u00e3o Imobili\u00e1ria.\",\"potentialAction\":[{\"@type\":\"SearchAction\",\"target\":{\"@type\":\"EntryPoint\",\"urlTemplate\":\"https:\/\/massimoforte.com\/?s={search_term_string}\"},\"query-input\":\"required name=search_term_string\"}],\"inLanguage\":\"es\"}]}<\/script>\n<!-- \/ Yoast SEO plugin. -->","yoast_head_json":{"title":"massimoforte.com ahora puede compartir con Espa\u00f1a - Massimo Forte","robots":{"index":"index","follow":"follow","max-snippet":"max-snippet:-1","max-image-preview":"max-image-preview:large","max-video-preview":"max-video-preview:-1"},"canonical":"https:\/\/massimoforte.com\/es\/blog\/massimoforte-com-ahora-puede-compartir-con-espana\/","og_locale":"es_ES","og_type":"article","og_title":"massimoforte.com ahora puede compartir con Espa\u00f1a - Massimo Forte","og_description":"En Portugal se puso en marcha con el objetivo de compartir conocimientos","og_url":"https:\/\/massimoforte.com\/es\/blog\/massimoforte-com-ahora-puede-compartir-con-espana\/","og_site_name":"Massimo Forte","article_publisher":"https:\/\/www.facebook.com\/massimo.forte.94\/","og_image":[{"url":"https:\/\/massimoforte.com\/wp-content\/uploads\/2017\/05\/massimo-es-2-300x154.jpg"}],"twitter_card":"summary_large_image","twitter_site":"@massimoforte7","schema":{"@context":"https:\/\/schema.org","@graph":[{"@type":"WebPage","@id":"https:\/\/massimoforte.com\/es\/blog\/massimoforte-com-ahora-puede-compartir-con-espana\/","url":"https:\/\/massimoforte.com\/es\/blog\/massimoforte-com-ahora-puede-compartir-con-espana\/","name":"massimoforte.com ahora puede compartir con Espa\u00f1a - Massimo Forte","isPartOf":{"@id":"https:\/\/massimoforte.com\/#website"},"datePublished":"2017-05-09T00:00:00+00:00","dateModified":"2017-05-09T00:00:00+00:00","breadcrumb":{"@id":"https:\/\/massimoforte.com\/es\/blog\/massimoforte-com-ahora-puede-compartir-con-espana\/#breadcrumb"},"inLanguage":"es","potentialAction":[{"@type":"ReadAction","target":["https:\/\/massimoforte.com\/es\/blog\/massimoforte-com-ahora-puede-compartir-con-espana\/"]}]},{"@type":"BreadcrumbList","@id":"https:\/\/massimoforte.com\/es\/blog\/massimoforte-com-ahora-puede-compartir-con-espana\/#breadcrumb","itemListElement":[{"@type":"ListItem","position":1,"name":"In\u00edcio","item":"https:\/\/massimoforte.com\/"},{"@type":"ListItem","position":2,"name":"Blog","item":"https:\/\/massimoforte.com\/blog\/"},{"@type":"ListItem","position":3,"name":"massimoforte.com ahora puede compartir con Espa\u00f1a"}]},{"@type":"WebSite","@id":"https:\/\/massimoforte.com\/#website","url":"https:\/\/massimoforte.com\/","name":"Massimo Forte","description":"Massimo Forte \u00e9 seguido por milhares de profissionais do imobili\u00e1rio e reconhecido como uma marca apaixonada por influenciar pessoas a potenciar os seus neg\u00f3cios de Media\u00e7\u00e3o Imobili\u00e1ria.","potentialAction":[{"@type":"SearchAction","target":{"@type":"EntryPoint","urlTemplate":"https:\/\/massimoforte.com\/?s={search_term_string}"},"query-input":"required name=search_term_string"}],"inLanguage":"es"}]}},"_links":{"self":[{"href":"https:\/\/massimoforte.com\/es\/wp-json\/wp\/v2\/blog\/5040","targetHints":{"allow":["GET"]}}],"collection":[{"href":"https:\/\/massimoforte.com\/es\/wp-json\/wp\/v2\/blog"}],"about":[{"href":"https:\/\/massimoforte.com\/es\/wp-json\/wp\/v2\/types\/blog"}],"replies":[{"embeddable":true,"href":"https:\/\/massimoforte.com\/es\/wp-json\/wp\/v2\/comments?post=5040"}],"wp:attachment":[{"href":"https:\/\/massimoforte.com\/es\/wp-json\/wp\/v2\/media?parent=5040"}],"wp:term":[{"taxonomy":"categoria_blog","embeddable":true,"href":"https:\/\/massimoforte.com\/es\/wp-json\/wp\/v2\/categoria_blog?post=5040"}],"curies":[{"name":"wp","href":"https:\/\/api.w.org\/{rel}","templated":true}]}}