{"id":6274,"date":"2017-10-16T00:00:00","date_gmt":"2017-10-16T00:00:00","guid":{"rendered":"https:\/\/massimoforte.psales.pt\/blog\/presentacion-del-libro-atraer-para-vender\/"},"modified":"2017-10-16T00:00:00","modified_gmt":"2017-10-16T00:00:00","slug":"presentacion-del-libro-atraer-para-vender","status":"publish","type":"blog","link":"https:\/\/massimoforte.com\/es\/blog\/presentacion-del-libro-atraer-para-vender\/","title":{"rendered":"Presentaci\u00f3n del libro &#8220;ATRAER PARA VENDER&#8221;"},"content":{"rendered":"<p><img loading=\"lazy\" decoding=\"async\" class=\"alignnone size-medium wp-image-6061\" src=\"https:\/\/massimoforte.com\/wp-content\/uploads\/2017\/08\/ATRAER-PARA-VENDER-204x300.jpg\" alt=\"\" width=\"204\" height=\"300\" \/><\/p>\n<p>Massimo Forte, reconocido profesional en el mercado de la Intermediaci\u00f3n Inmobiliaria, tiene el gusto de presentar su libro \u201cATRAER PARA VENDER \u2013 Todo sobre la Intermediaci\u00f3n Inmobiliaria, un negocio de personas para personas\u201d.<\/p>\n<p>Tras 5 ediciones agotadas de su versi\u00f3n portuguesa, se lanza a las librer\u00edas espa\u00f1olas con contenidos relevantes para el momento y adaptados al mercado nacional.<\/p>\n<p>Con esta obra, el autor desea transmitir los conocimientos y experiencias adquiridos a lo largo de sus m\u00e1s de 20 a\u00f1os como comercial, gestor, formador, conferenciante, inspirador e <em>coach<\/em> de la Intermediaci\u00f3n Inmobiliaria. A trav\u00e9s de un estilo simple y directo, sus p\u00e1ginas ofrecen contenidos interesantes y consejos valiosos para aquellos profesionales del sector inmobiliario que deseen mejorar su desempe\u00f1o.<\/p>\n<p>Ha sido considerado por varios expertos en el \u00e1rea como un manual de referencia, ya que cubre diversos temas transversales al desarrollo del negocio (tales como el marketing personal, la \u00e9tica en el trabajo, la utilizaci\u00f3n de nuevas tecnolog\u00edas, entre otros), que ser\u00e1n de gran utilidad tanto para quien ya posee experiencia en el sector como para quien desee iniciarse en esta fascinante actividad.<\/p>\n<p>El factor de \u00e9xito reside, seg\u00fan el autor, en la vertiente humana, puesto que son las personas, por encima de todo, quienes conforman este negocio. Y es precisamente este enfoque, desde la primera p\u00e1gina hasta la \u00faltima, lo que diferencia esta obra de muchas otras.<\/p>\n<p>&nbsp;<\/p>\n<p><strong>FICHA T\u00c9CNICA<\/strong><\/p>\n<p>T\u00edtulo original:<br \/>\nATRAER PARA VENDER \u2013 Todos sobre la Intermediaci\u00f3n Inmobiliaria, un negocio de personas para personas<\/p>\n<p>Autor:<br \/>\nMassimo Forte | www.massimoforte.com | massimo@massimoforte.com<\/p>\n<p>Editorial:\u00a0LID Editorial<\/p>\n<p>EAN-ISBN13: 9788416624737<\/p>\n<p>D\u00d3NDE ADQUIRIRLO<\/p>\n<ul>\n<li>P\u00e1gina web de Massimo Forte: www.massimoforte.com<\/li>\n<li>Librer\u00edas de todo el pa\u00eds.<\/li>\n<\/ul>\n","protected":false},"excerpt":{"rendered":"<p>Massimo Forte, reconocido profesional en el mercado de la Intermediaci\u00f3n Inmobiliaria, tiene<\/p>\n","protected":false},"featured_media":0,"comment_status":"open","ping_status":"open","template":"","categoria_blog":[],"class_list":["post-6274","blog","type-blog","status-publish","hentry"],"yoast_head":"<!-- This site is optimized with the Yoast SEO plugin v19.9 - https:\/\/yoast.com\/wordpress\/plugins\/seo\/ -->\n<title>Presentaci\u00f3n del libro &quot;ATRAER PARA VENDER&quot; - Massimo Forte<\/title>\n<meta name=\"robots\" content=\"index, follow, max-snippet:-1, max-image-preview:large, max-video-preview:-1\" \/>\n<link rel=\"canonical\" href=\"https:\/\/massimoforte.com\/es\/blog\/presentacion-del-libro-atraer-para-vender\/\" \/>\n<meta property=\"og:locale\" content=\"es_ES\" \/>\n<meta property=\"og:type\" content=\"article\" \/>\n<meta property=\"og:title\" content=\"Presentaci\u00f3n del libro &quot;ATRAER PARA VENDER&quot; - Massimo Forte\" \/>\n<meta property=\"og:description\" content=\"Massimo Forte, reconocido profesional en el mercado de la Intermediaci\u00f3n Inmobiliaria, tiene\" \/>\n<meta property=\"og:url\" content=\"https:\/\/massimoforte.com\/es\/blog\/presentacion-del-libro-atraer-para-vender\/\" \/>\n<meta property=\"og:site_name\" content=\"Massimo Forte\" \/>\n<meta property=\"article:publisher\" content=\"https:\/\/www.facebook.com\/massimo.forte.94\/\" \/>\n<meta property=\"og:image\" content=\"https:\/\/massimoforte.com\/wp-content\/uploads\/2017\/08\/ATRAER-PARA-VENDER-204x300.jpg\" \/>\n<meta name=\"twitter:card\" content=\"summary_large_image\" \/>\n<meta name=\"twitter:site\" content=\"@massimoforte7\" \/>\n<meta name=\"twitter:label1\" content=\"Tiempo de lectura\" \/>\n\t<meta name=\"twitter:data1\" content=\"1 minuto\" \/>\n<script type=\"application\/ld+json\" class=\"yoast-schema-graph\">{\"@context\":\"https:\/\/schema.org\",\"@graph\":[{\"@type\":\"WebPage\",\"@id\":\"https:\/\/massimoforte.com\/es\/blog\/presentacion-del-libro-atraer-para-vender\/\",\"url\":\"https:\/\/massimoforte.com\/es\/blog\/presentacion-del-libro-atraer-para-vender\/\",\"name\":\"Presentaci\u00f3n del libro \\\"ATRAER PARA VENDER\\\" - Massimo Forte\",\"isPartOf\":{\"@id\":\"https:\/\/massimoforte.com\/#website\"},\"datePublished\":\"2017-10-16T00:00:00+00:00\",\"dateModified\":\"2017-10-16T00:00:00+00:00\",\"breadcrumb\":{\"@id\":\"https:\/\/massimoforte.com\/es\/blog\/presentacion-del-libro-atraer-para-vender\/#breadcrumb\"},\"inLanguage\":\"es\",\"potentialAction\":[{\"@type\":\"ReadAction\",\"target\":[\"https:\/\/massimoforte.com\/es\/blog\/presentacion-del-libro-atraer-para-vender\/\"]}]},{\"@type\":\"BreadcrumbList\",\"@id\":\"https:\/\/massimoforte.com\/es\/blog\/presentacion-del-libro-atraer-para-vender\/#breadcrumb\",\"itemListElement\":[{\"@type\":\"ListItem\",\"position\":1,\"name\":\"In\u00edcio\",\"item\":\"https:\/\/massimoforte.com\/\"},{\"@type\":\"ListItem\",\"position\":2,\"name\":\"Blog\",\"item\":\"https:\/\/massimoforte.com\/blog\/\"},{\"@type\":\"ListItem\",\"position\":3,\"name\":\"Presentaci\u00f3n del libro &#8220;ATRAER PARA VENDER&#8221;\"}]},{\"@type\":\"WebSite\",\"@id\":\"https:\/\/massimoforte.com\/#website\",\"url\":\"https:\/\/massimoforte.com\/\",\"name\":\"Massimo Forte\",\"description\":\"Massimo Forte \u00e9 seguido por milhares de profissionais do imobili\u00e1rio e reconhecido como uma marca apaixonada por influenciar pessoas a potenciar os seus neg\u00f3cios de Media\u00e7\u00e3o Imobili\u00e1ria.\",\"potentialAction\":[{\"@type\":\"SearchAction\",\"target\":{\"@type\":\"EntryPoint\",\"urlTemplate\":\"https:\/\/massimoforte.com\/?s={search_term_string}\"},\"query-input\":\"required name=search_term_string\"}],\"inLanguage\":\"es\"}]}<\/script>\n<!-- \/ Yoast SEO plugin. -->","yoast_head_json":{"title":"Presentaci\u00f3n del libro \"ATRAER PARA VENDER\" - Massimo Forte","robots":{"index":"index","follow":"follow","max-snippet":"max-snippet:-1","max-image-preview":"max-image-preview:large","max-video-preview":"max-video-preview:-1"},"canonical":"https:\/\/massimoforte.com\/es\/blog\/presentacion-del-libro-atraer-para-vender\/","og_locale":"es_ES","og_type":"article","og_title":"Presentaci\u00f3n del libro \"ATRAER PARA VENDER\" - Massimo Forte","og_description":"Massimo Forte, reconocido profesional en el mercado de la Intermediaci\u00f3n Inmobiliaria, tiene","og_url":"https:\/\/massimoforte.com\/es\/blog\/presentacion-del-libro-atraer-para-vender\/","og_site_name":"Massimo Forte","article_publisher":"https:\/\/www.facebook.com\/massimo.forte.94\/","og_image":[{"url":"https:\/\/massimoforte.com\/wp-content\/uploads\/2017\/08\/ATRAER-PARA-VENDER-204x300.jpg"}],"twitter_card":"summary_large_image","twitter_site":"@massimoforte7","twitter_misc":{"Tiempo de lectura":"1 minuto"},"schema":{"@context":"https:\/\/schema.org","@graph":[{"@type":"WebPage","@id":"https:\/\/massimoforte.com\/es\/blog\/presentacion-del-libro-atraer-para-vender\/","url":"https:\/\/massimoforte.com\/es\/blog\/presentacion-del-libro-atraer-para-vender\/","name":"Presentaci\u00f3n del libro \"ATRAER PARA VENDER\" - Massimo Forte","isPartOf":{"@id":"https:\/\/massimoforte.com\/#website"},"datePublished":"2017-10-16T00:00:00+00:00","dateModified":"2017-10-16T00:00:00+00:00","breadcrumb":{"@id":"https:\/\/massimoforte.com\/es\/blog\/presentacion-del-libro-atraer-para-vender\/#breadcrumb"},"inLanguage":"es","potentialAction":[{"@type":"ReadAction","target":["https:\/\/massimoforte.com\/es\/blog\/presentacion-del-libro-atraer-para-vender\/"]}]},{"@type":"BreadcrumbList","@id":"https:\/\/massimoforte.com\/es\/blog\/presentacion-del-libro-atraer-para-vender\/#breadcrumb","itemListElement":[{"@type":"ListItem","position":1,"name":"In\u00edcio","item":"https:\/\/massimoforte.com\/"},{"@type":"ListItem","position":2,"name":"Blog","item":"https:\/\/massimoforte.com\/blog\/"},{"@type":"ListItem","position":3,"name":"Presentaci\u00f3n del libro &#8220;ATRAER PARA VENDER&#8221;"}]},{"@type":"WebSite","@id":"https:\/\/massimoforte.com\/#website","url":"https:\/\/massimoforte.com\/","name":"Massimo Forte","description":"Massimo Forte \u00e9 seguido por milhares de profissionais do imobili\u00e1rio e reconhecido como uma marca apaixonada por influenciar pessoas a potenciar os seus neg\u00f3cios de Media\u00e7\u00e3o Imobili\u00e1ria.","potentialAction":[{"@type":"SearchAction","target":{"@type":"EntryPoint","urlTemplate":"https:\/\/massimoforte.com\/?s={search_term_string}"},"query-input":"required name=search_term_string"}],"inLanguage":"es"}]}},"_links":{"self":[{"href":"https:\/\/massimoforte.com\/es\/wp-json\/wp\/v2\/blog\/6274","targetHints":{"allow":["GET"]}}],"collection":[{"href":"https:\/\/massimoforte.com\/es\/wp-json\/wp\/v2\/blog"}],"about":[{"href":"https:\/\/massimoforte.com\/es\/wp-json\/wp\/v2\/types\/blog"}],"replies":[{"embeddable":true,"href":"https:\/\/massimoforte.com\/es\/wp-json\/wp\/v2\/comments?post=6274"}],"wp:attachment":[{"href":"https:\/\/massimoforte.com\/es\/wp-json\/wp\/v2\/media?parent=6274"}],"wp:term":[{"taxonomy":"categoria_blog","embeddable":true,"href":"https:\/\/massimoforte.com\/es\/wp-json\/wp\/v2\/categoria_blog?post=6274"}],"curies":[{"name":"wp","href":"https:\/\/api.w.org\/{rel}","templated":true}]}}