{"id":12302,"date":"2020-07-24T00:00:00","date_gmt":"2020-07-24T00:00:00","guid":{"rendered":"https:\/\/massimoforte.psales.pt\/blog\/fare-personal-branding-5-cose-che-devi-considerare-in-barbarareverberi-it-by-barbara-reverberi\/"},"modified":"2020-07-24T00:00:00","modified_gmt":"2020-07-24T00:00:00","slug":"fare-personal-branding-5-cose-che-devi-considerare-in-barbarareverberi-it-by-barbara-reverberi","status":"publish","type":"blog","link":"https:\/\/massimoforte.com\/it\/blog\/fare-personal-branding-5-cose-che-devi-considerare-in-barbarareverberi-it-by-barbara-reverberi\/","title":{"rendered":"Fare Personal Branding: 5 cose che devi considerare in barbarareverberi.it by Barbara Reverberi"},"content":{"rendered":"<p><img loading=\"lazy\" decoding=\"async\" class=\"alignnone size-medium wp-image-12303\" src=\"https:\/\/massimoforte.com\/wp-content\/uploads\/2020\/07\/PersonalBrandDonna-1024x682-300x200.jpg\" alt=\"\" width=\"300\" height=\"200\" \/><\/p>\n<article class=\"post-488 post type-post status-publish format-standard has-post-thumbnail category-crescita-personale entry\">\n<div class=\"entry-content\">\n<p><strong>Fare personal branding\u00a0\u00e8 un processo che dura tutta la vita professionale. Se decidi ora, mentre stai leggendo, di trovare la strategia su misura per te e renderti riconoscibile.<\/strong><\/p>\n<p>Non si tratta solo di trovare clienti. Prima di tutto \u00e8 importante avere scolpito nel cuore e nella mente chi sei e quali sono i tuoi valori. Perch\u00e9?<\/p>\n<p>Per emergere dal coro, la coerenza paga. E dipende fortemente da te.<\/p>\n<\/div>\n<p><strong>Continua a leggere <a href=\"https:\/\/www.barbarareverberi.it\/fare-personal-branding-5-cose-che-devi-considerare\/\">qui<\/a><\/strong><\/p>\n<\/article>\n","protected":false},"excerpt":{"rendered":"<p>Fare personal branding\u00a0\u00e8 un processo che dura tutta la vita professionale. Se<\/p>\n","protected":false},"featured_media":0,"comment_status":"open","ping_status":"open","template":"","categoria_blog":[233,235,258,260,272],"class_list":["post-12302","blog","type-blog","status-publish","hentry","categoria_blog-marketing","categoria_blog-lead-generation","categoria_blog-agenti-immobiliari","categoria_blog-mediazione-immobiliare","categoria_blog-personal-branding"],"yoast_head":"<!-- This site is optimized with the Yoast SEO plugin v19.9 - https:\/\/yoast.com\/wordpress\/plugins\/seo\/ -->\n<title>Fare Personal Branding: 5 cose che devi considerare in barbarareverberi.it by Barbara Reverberi - Massimo Forte<\/title>\n<meta name=\"robots\" content=\"index, follow, max-snippet:-1, max-image-preview:large, max-video-preview:-1\" \/>\n<link rel=\"canonical\" href=\"https:\/\/massimoforte.com\/it\/blog\/fare-personal-branding-5-cose-che-devi-considerare-in-barbarareverberi-it-by-barbara-reverberi\/\" \/>\n<meta property=\"og:locale\" content=\"it_IT\" \/>\n<meta property=\"og:type\" content=\"article\" \/>\n<meta property=\"og:title\" content=\"Fare Personal Branding: 5 cose che devi considerare in barbarareverberi.it by Barbara Reverberi - Massimo Forte\" \/>\n<meta property=\"og:description\" content=\"Fare personal branding\u00a0\u00e8 un processo che dura tutta la vita professionale. Se\" \/>\n<meta property=\"og:url\" content=\"https:\/\/massimoforte.com\/it\/blog\/fare-personal-branding-5-cose-che-devi-considerare-in-barbarareverberi-it-by-barbara-reverberi\/\" \/>\n<meta property=\"og:site_name\" content=\"Massimo Forte\" \/>\n<meta property=\"article:publisher\" content=\"https:\/\/www.facebook.com\/massimo.forte.94\/\" \/>\n<meta property=\"og:image\" content=\"https:\/\/massimoforte.com\/wp-content\/uploads\/2020\/07\/PersonalBrandDonna-1024x682-300x200.jpg\" \/>\n<meta name=\"twitter:card\" content=\"summary_large_image\" \/>\n<meta name=\"twitter:site\" content=\"@massimoforte7\" \/>\n<script type=\"application\/ld+json\" class=\"yoast-schema-graph\">{\"@context\":\"https:\/\/schema.org\",\"@graph\":[{\"@type\":\"WebPage\",\"@id\":\"https:\/\/massimoforte.com\/it\/blog\/fare-personal-branding-5-cose-che-devi-considerare-in-barbarareverberi-it-by-barbara-reverberi\/\",\"url\":\"https:\/\/massimoforte.com\/it\/blog\/fare-personal-branding-5-cose-che-devi-considerare-in-barbarareverberi-it-by-barbara-reverberi\/\",\"name\":\"Fare Personal Branding: 5 cose che devi considerare in barbarareverberi.it by Barbara Reverberi - Massimo Forte\",\"isPartOf\":{\"@id\":\"https:\/\/massimoforte.com\/#website\"},\"datePublished\":\"2020-07-24T00:00:00+00:00\",\"dateModified\":\"2020-07-24T00:00:00+00:00\",\"breadcrumb\":{\"@id\":\"https:\/\/massimoforte.com\/it\/blog\/fare-personal-branding-5-cose-che-devi-considerare-in-barbarareverberi-it-by-barbara-reverberi\/#breadcrumb\"},\"inLanguage\":\"it-IT\",\"potentialAction\":[{\"@type\":\"ReadAction\",\"target\":[\"https:\/\/massimoforte.com\/it\/blog\/fare-personal-branding-5-cose-che-devi-considerare-in-barbarareverberi-it-by-barbara-reverberi\/\"]}]},{\"@type\":\"BreadcrumbList\",\"@id\":\"https:\/\/massimoforte.com\/it\/blog\/fare-personal-branding-5-cose-che-devi-considerare-in-barbarareverberi-it-by-barbara-reverberi\/#breadcrumb\",\"itemListElement\":[{\"@type\":\"ListItem\",\"position\":1,\"name\":\"In\u00edcio\",\"item\":\"https:\/\/massimoforte.com\/\"},{\"@type\":\"ListItem\",\"position\":2,\"name\":\"Blog\",\"item\":\"https:\/\/massimoforte.com\/blog\/\"},{\"@type\":\"ListItem\",\"position\":3,\"name\":\"Fare Personal Branding: 5 cose che devi considerare in barbarareverberi.it by Barbara Reverberi\"}]},{\"@type\":\"WebSite\",\"@id\":\"https:\/\/massimoforte.com\/#website\",\"url\":\"https:\/\/massimoforte.com\/\",\"name\":\"Massimo Forte\",\"description\":\"Massimo Forte \u00e9 seguido por milhares de profissionais do imobili\u00e1rio e reconhecido como uma marca apaixonada por influenciar pessoas a potenciar os seus neg\u00f3cios de Media\u00e7\u00e3o Imobili\u00e1ria.\",\"potentialAction\":[{\"@type\":\"SearchAction\",\"target\":{\"@type\":\"EntryPoint\",\"urlTemplate\":\"https:\/\/massimoforte.com\/?s={search_term_string}\"},\"query-input\":\"required name=search_term_string\"}],\"inLanguage\":\"it-IT\"}]}<\/script>\n<!-- \/ Yoast SEO plugin. -->","yoast_head_json":{"title":"Fare Personal Branding: 5 cose che devi considerare in barbarareverberi.it by Barbara Reverberi - Massimo Forte","robots":{"index":"index","follow":"follow","max-snippet":"max-snippet:-1","max-image-preview":"max-image-preview:large","max-video-preview":"max-video-preview:-1"},"canonical":"https:\/\/massimoforte.com\/it\/blog\/fare-personal-branding-5-cose-che-devi-considerare-in-barbarareverberi-it-by-barbara-reverberi\/","og_locale":"it_IT","og_type":"article","og_title":"Fare Personal Branding: 5 cose che devi considerare in barbarareverberi.it by Barbara Reverberi - Massimo Forte","og_description":"Fare personal branding\u00a0\u00e8 un processo che dura tutta la vita professionale. Se","og_url":"https:\/\/massimoforte.com\/it\/blog\/fare-personal-branding-5-cose-che-devi-considerare-in-barbarareverberi-it-by-barbara-reverberi\/","og_site_name":"Massimo Forte","article_publisher":"https:\/\/www.facebook.com\/massimo.forte.94\/","og_image":[{"url":"https:\/\/massimoforte.com\/wp-content\/uploads\/2020\/07\/PersonalBrandDonna-1024x682-300x200.jpg"}],"twitter_card":"summary_large_image","twitter_site":"@massimoforte7","schema":{"@context":"https:\/\/schema.org","@graph":[{"@type":"WebPage","@id":"https:\/\/massimoforte.com\/it\/blog\/fare-personal-branding-5-cose-che-devi-considerare-in-barbarareverberi-it-by-barbara-reverberi\/","url":"https:\/\/massimoforte.com\/it\/blog\/fare-personal-branding-5-cose-che-devi-considerare-in-barbarareverberi-it-by-barbara-reverberi\/","name":"Fare Personal Branding: 5 cose che devi considerare in barbarareverberi.it by Barbara Reverberi - Massimo Forte","isPartOf":{"@id":"https:\/\/massimoforte.com\/#website"},"datePublished":"2020-07-24T00:00:00+00:00","dateModified":"2020-07-24T00:00:00+00:00","breadcrumb":{"@id":"https:\/\/massimoforte.com\/it\/blog\/fare-personal-branding-5-cose-che-devi-considerare-in-barbarareverberi-it-by-barbara-reverberi\/#breadcrumb"},"inLanguage":"it-IT","potentialAction":[{"@type":"ReadAction","target":["https:\/\/massimoforte.com\/it\/blog\/fare-personal-branding-5-cose-che-devi-considerare-in-barbarareverberi-it-by-barbara-reverberi\/"]}]},{"@type":"BreadcrumbList","@id":"https:\/\/massimoforte.com\/it\/blog\/fare-personal-branding-5-cose-che-devi-considerare-in-barbarareverberi-it-by-barbara-reverberi\/#breadcrumb","itemListElement":[{"@type":"ListItem","position":1,"name":"In\u00edcio","item":"https:\/\/massimoforte.com\/"},{"@type":"ListItem","position":2,"name":"Blog","item":"https:\/\/massimoforte.com\/blog\/"},{"@type":"ListItem","position":3,"name":"Fare Personal Branding: 5 cose che devi considerare in barbarareverberi.it by Barbara Reverberi"}]},{"@type":"WebSite","@id":"https:\/\/massimoforte.com\/#website","url":"https:\/\/massimoforte.com\/","name":"Massimo Forte","description":"Massimo Forte \u00e9 seguido por milhares de profissionais do imobili\u00e1rio e reconhecido como uma marca apaixonada por influenciar pessoas a potenciar os seus neg\u00f3cios de Media\u00e7\u00e3o Imobili\u00e1ria.","potentialAction":[{"@type":"SearchAction","target":{"@type":"EntryPoint","urlTemplate":"https:\/\/massimoforte.com\/?s={search_term_string}"},"query-input":"required name=search_term_string"}],"inLanguage":"it-IT"}]}},"_links":{"self":[{"href":"https:\/\/massimoforte.com\/it\/wp-json\/wp\/v2\/blog\/12302","targetHints":{"allow":["GET"]}}],"collection":[{"href":"https:\/\/massimoforte.com\/it\/wp-json\/wp\/v2\/blog"}],"about":[{"href":"https:\/\/massimoforte.com\/it\/wp-json\/wp\/v2\/types\/blog"}],"replies":[{"embeddable":true,"href":"https:\/\/massimoforte.com\/it\/wp-json\/wp\/v2\/comments?post=12302"}],"wp:attachment":[{"href":"https:\/\/massimoforte.com\/it\/wp-json\/wp\/v2\/media?parent=12302"}],"wp:term":[{"taxonomy":"categoria_blog","embeddable":true,"href":"https:\/\/massimoforte.com\/it\/wp-json\/wp\/v2\/categoria_blog?post=12302"}],"curies":[{"name":"wp","href":"https:\/\/api.w.org\/{rel}","templated":true}]}}